{"id":3497,"date":"2025-07-30T10:32:24","date_gmt":"2025-07-30T08:32:24","guid":{"rendered":"https:\/\/orcavanloon.de\/?p=3497"},"modified":"2025-07-31T11:05:48","modified_gmt":"2025-07-31T09:05:48","slug":"orca-van-loon-unterstuetzt-bei-willke-event-12-millionen-euro-kompetenzzentrum-feierlich-eroeffnet","status":"publish","type":"post","link":"http:\/\/orcavanloon.de\/en_en\/orca-van-loon-unterstuetzt-bei-willke-event-12-millionen-euro-kompetenzzentrum-feierlich-eroeffnet\/","title":{"rendered":"ORCA van Loon supports Willke event: \u20ac12 million competence center officially opened"},"content":{"rendered":"<div class=\"fusion-fullwidth fullwidth-box fusion-builder-row-1 fusion-flex-container has-pattern-background has-mask-background nonhundred-percent-fullwidth non-hundred-percent-height-scrolling\" style=\"--awb-border-radius-top-left:0px;--awb-border-radius-top-right:0px;--awb-border-radius-bottom-right:0px;--awb-border-radius-bottom-left:0px;--awb-flex-wrap:wrap;\" ><div class=\"fusion-builder-row fusion-row fusion-flex-align-items-flex-start fusion-flex-content-wrap\" style=\"max-width:1248px;margin-left: calc(-4% \/ 2 );margin-right: calc(-4% \/ 2 );\"><div class=\"fusion-layout-column fusion_builder_column fusion-builder-column-0 fusion_builder_column_1_1 1_1 fusion-flex-column\" style=\"--awb-bg-size:cover;--awb-width-large:100%;--awb-margin-top-large:0px;--awb-spacing-right-large:1.92%;--awb-margin-bottom-large:20px;--awb-spacing-left-large:1.92%;--awb-width-medium:100%;--awb-order-medium:0;--awb-spacing-right-medium:1.92%;--awb-spacing-left-medium:1.92%;--awb-width-small:100%;--awb-order-small:0;--awb-spacing-right-small:1.92%;--awb-spacing-left-small:1.92%;\"><div class=\"fusion-column-wrapper fusion-column-has-shadow fusion-flex-justify-content-flex-start fusion-content-layout-column\"><div class=\"fusion-text fusion-text-1\"><p>\u00dcber 700 G\u00e4ste begr\u00fc\u00dfte das Gleisbauunternehmen Willke zur feierlichen Er\u00f6ffnung seines neuen Kompetenzzentrums Ende Juni in Ludwigslust. Im Vorfeld konzipierte und organisierte ORCA van Loon gemeinsam mit Ansprechpartner*innen von Willke, einer Eventagentur und weiteren professionellen Dienstleistern das Event.<\/p>\n<p>Unter dem Motto \u201eLulust &amp; Leidenschaft&#8220; wurde bereits die Anreise in einem historischen Zug zum Erlebnis. Das vielf\u00e4ltige Programm bot eine KI-Keynote von Dr. Florian Ilgen, eine Live-Graffiti-Show, eine Draisinen-Challenge verbunden mit einer Spendenaktion, Hau-den-Lukas-Station, Foodcourt, Foto-Station, sowie Live-Musik von zwei Bands und DJ-Sets mit Party bis 23.00 Uhr.<\/p>\n<p>\u201eDer Erfolg des Events zeigt, wie wichtig es ist, technische Meilensteine emotional erlebbar zu machen&#8220;, erkl\u00e4rt Hendrik Schulze van Loon, Managing Partner von ORCA van Loon. \u201eWir sind stolz, gemeinsam mit allen Gewerken ein Event realisiert zu haben, das weit \u00fcber eine klassische Er\u00f6ffnung hinausging.&#8220;<\/p>\n<p><strong>Moderne Infrastruktur schafft neue Kapazit\u00e4ten<\/strong><\/p>\n<p>Rund 12 Millionen Euro investierte das Familienunternehmen, um ihren Standort Ludwigslust an der strategisch wichtigen Bahnstrecke Hamburg-Berlin zu modernisieren. Das neue Hallengel\u00e4nde umfasst eine Werkstatt- und Wartungshalle mit 2.050 m\u00b2. Mit der Investition erweitert Willke seine Kapazit\u00e4ten in Wartung und Instandhaltung erheblich. Umfassende Schulungsm\u00f6glichkeiten, beispielsweise durch Gleisbau-Simulationen, sind k\u00fcnftig an den eigenen Gleisanlagen mit 2.500 m L\u00e4nge m\u00f6glich. In diesem Zuge wird Willke auch erstmals zum Ausbildungsbetrieb.<\/p>\n<\/div><\/div><\/div><\/div><\/div>","protected":false},"excerpt":{"rendered":"","protected":false},"author":6,"featured_media":3500,"comment_status":"closed","ping_status":"open","sticky":false,"template":"","format":"standard","meta":{"footnotes":""},"categories":[1,134,73],"tags":[],"class_list":["post-3497","post","type-post","status-publish","format-standard","has-post-thumbnail","hentry","category-allgemein","category-news","category-oeffentlichkeitsarbeit"],"yoast_head":"<!-- This site is optimized with the Yoast SEO plugin v25.5 - https:\/\/yoast.com\/wordpress\/plugins\/seo\/ -->\n<title>ORCA van Loon unterst\u00fctzt bei Willke-Event: 12-Millionen-Euro-Kompetenz&shy;zentrum feierlich er\u00f6ffnet - ORCA van Loon<\/title>\n<meta name=\"robots\" content=\"index, follow, max-snippet:-1, max-image-preview:large, max-video-preview:-1\" \/>\n<link rel=\"canonical\" href=\"https:\/\/orcavanloon.de\/en_en\/orca-van-loon-unterstuetzt-bei-willke-event-12-millionen-euro-kompetenzzentrum-feierlich-eroeffnet\/\" \/>\n<meta property=\"og:locale\" content=\"en_US\" \/>\n<meta property=\"og:type\" content=\"article\" \/>\n<meta property=\"og:title\" content=\"ORCA van Loon unterst\u00fctzt bei Willke-Event: 12-Millionen-Euro-Kompetenz&shy;zentrum feierlich er\u00f6ffnet - ORCA van Loon\" \/>\n<meta property=\"og:url\" content=\"https:\/\/orcavanloon.de\/en_en\/orca-van-loon-unterstuetzt-bei-willke-event-12-millionen-euro-kompetenzzentrum-feierlich-eroeffnet\/\" \/>\n<meta property=\"og:site_name\" content=\"ORCA van Loon\" \/>\n<meta property=\"article:published_time\" content=\"2025-07-30T08:32:24+00:00\" \/>\n<meta property=\"article:modified_time\" content=\"2025-07-31T09:05:48+00:00\" \/>\n<meta property=\"og:image\" content=\"https:\/\/orcavanloon.de\/wp-content\/uploads\/2025\/07\/Ueber-700-Gaeste-kamen-zur-Eroeffnungsfeier-in-Ludwigslust-\u00a9NewFormat.Media_-scaled.jpg\" \/>\n\t<meta property=\"og:image:width\" content=\"2560\" \/>\n\t<meta property=\"og:image:height\" content=\"1440\" \/>\n\t<meta property=\"og:image:type\" content=\"image\/jpeg\" \/>\n<meta name=\"author\" content=\"ORCA van Loon\" \/>\n<meta name=\"twitter:card\" content=\"summary_large_image\" \/>\n<meta name=\"twitter:label1\" content=\"Written by\" \/>\n\t<meta name=\"twitter:data1\" content=\"ORCA van Loon\" \/>\n\t<meta name=\"twitter:label2\" content=\"Est. reading time\" \/>\n\t<meta name=\"twitter:data2\" content=\"2 minutes\" \/>\n<script type=\"application\/ld+json\" class=\"yoast-schema-graph\">{\"@context\":\"https:\/\/schema.org\",\"@graph\":[{\"@type\":\"Article\",\"@id\":\"https:\/\/orcavanloon.de\/orca-van-loon-unterstuetzt-bei-willke-event-12-millionen-euro-kompetenzzentrum-feierlich-eroeffnet\/#article\",\"isPartOf\":{\"@id\":\"https:\/\/orcavanloon.de\/orca-van-loon-unterstuetzt-bei-willke-event-12-millionen-euro-kompetenzzentrum-feierlich-eroeffnet\/\"},\"author\":{\"name\":\"ORCA van Loon\",\"@id\":\"https:\/\/orcavanloon.de\/#\/schema\/person\/72c9cdd2e103591d342e67b81e1ef1f4\"},\"headline\":\"ORCA van Loon unterst\u00fctzt bei Willke-Event: 12-Millionen-Euro-Kompetenz&shy;zentrum feierlich er\u00f6ffnet\",\"datePublished\":\"2025-07-30T08:32:24+00:00\",\"dateModified\":\"2025-07-31T09:05:48+00:00\",\"mainEntityOfPage\":{\"@id\":\"https:\/\/orcavanloon.de\/orca-van-loon-unterstuetzt-bei-willke-event-12-millionen-euro-kompetenzzentrum-feierlich-eroeffnet\/\"},\"wordCount\":759,\"publisher\":{\"@id\":\"https:\/\/orcavanloon.de\/#organization\"},\"image\":{\"@id\":\"https:\/\/orcavanloon.de\/orca-van-loon-unterstuetzt-bei-willke-event-12-millionen-euro-kompetenzzentrum-feierlich-eroeffnet\/#primaryimage\"},\"thumbnailUrl\":\"https:\/\/orcavanloon.de\/wp-content\/uploads\/2025\/07\/Ueber-700-Gaeste-kamen-zur-Eroeffnungsfeier-in-Ludwigslust-\u00a9NewFormat.Media_-scaled.jpg\",\"articleSection\":[\"Allgemein\",\"News\",\"\u00d6ffentlichkeitsarbeit\"],\"inLanguage\":\"en-US\"},{\"@type\":\"WebPage\",\"@id\":\"https:\/\/orcavanloon.de\/orca-van-loon-unterstuetzt-bei-willke-event-12-millionen-euro-kompetenzzentrum-feierlich-eroeffnet\/\",\"url\":\"https:\/\/orcavanloon.de\/orca-van-loon-unterstuetzt-bei-willke-event-12-millionen-euro-kompetenzzentrum-feierlich-eroeffnet\/\",\"name\":\"ORCA van Loon unterst\u00fctzt bei Willke-Event: 12-Millionen-Euro-Kompetenz&shy;zentrum feierlich er\u00f6ffnet - ORCA van Loon\",\"isPartOf\":{\"@id\":\"https:\/\/orcavanloon.de\/#website\"},\"primaryImageOfPage\":{\"@id\":\"https:\/\/orcavanloon.de\/orca-van-loon-unterstuetzt-bei-willke-event-12-millionen-euro-kompetenzzentrum-feierlich-eroeffnet\/#primaryimage\"},\"image\":{\"@id\":\"https:\/\/orcavanloon.de\/orca-van-loon-unterstuetzt-bei-willke-event-12-millionen-euro-kompetenzzentrum-feierlich-eroeffnet\/#primaryimage\"},\"thumbnailUrl\":\"https:\/\/orcavanloon.de\/wp-content\/uploads\/2025\/07\/Ueber-700-Gaeste-kamen-zur-Eroeffnungsfeier-in-Ludwigslust-\u00a9NewFormat.Media_-scaled.jpg\",\"datePublished\":\"2025-07-30T08:32:24+00:00\",\"dateModified\":\"2025-07-31T09:05:48+00:00\",\"breadcrumb\":{\"@id\":\"https:\/\/orcavanloon.de\/orca-van-loon-unterstuetzt-bei-willke-event-12-millionen-euro-kompetenzzentrum-feierlich-eroeffnet\/#breadcrumb\"},\"inLanguage\":\"en-US\",\"potentialAction\":[{\"@type\":\"ReadAction\",\"target\":[\"https:\/\/orcavanloon.de\/orca-van-loon-unterstuetzt-bei-willke-event-12-millionen-euro-kompetenzzentrum-feierlich-eroeffnet\/\"]}]},{\"@type\":\"ImageObject\",\"inLanguage\":\"en-US\",\"@id\":\"https:\/\/orcavanloon.de\/orca-van-loon-unterstuetzt-bei-willke-event-12-millionen-euro-kompetenzzentrum-feierlich-eroeffnet\/#primaryimage\",\"url\":\"https:\/\/orcavanloon.de\/wp-content\/uploads\/2025\/07\/Ueber-700-Gaeste-kamen-zur-Eroeffnungsfeier-in-Ludwigslust-\u00a9NewFormat.Media_-scaled.jpg\",\"contentUrl\":\"https:\/\/orcavanloon.de\/wp-content\/uploads\/2025\/07\/Ueber-700-Gaeste-kamen-zur-Eroeffnungsfeier-in-Ludwigslust-\u00a9NewFormat.Media_-scaled.jpg\",\"width\":2560,\"height\":1440,\"caption\":\"\u00dcber 700 G\u00e4ste kamen zur Er\u00f6ffnungsfeier in Ludwigslust \u00a9NewFormat.Media\"},{\"@type\":\"BreadcrumbList\",\"@id\":\"https:\/\/orcavanloon.de\/orca-van-loon-unterstuetzt-bei-willke-event-12-millionen-euro-kompetenzzentrum-feierlich-eroeffnet\/#breadcrumb\",\"itemListElement\":[{\"@type\":\"ListItem\",\"position\":1,\"name\":\"Startseite\",\"item\":\"https:\/\/orcavanloon.de\/\"},{\"@type\":\"ListItem\",\"position\":2,\"name\":\"ORCA van Loon unterst\u00fctzt bei Willke-Event: 12-Millionen-Euro-Kompetenz&shy;zentrum feierlich er\u00f6ffnet\"}]},{\"@type\":\"WebSite\",\"@id\":\"https:\/\/orcavanloon.de\/#website\",\"url\":\"https:\/\/orcavanloon.de\/\",\"name\":\"ORCA van Loon\",\"description\":\"Next Generation Corporate\",\"publisher\":{\"@id\":\"https:\/\/orcavanloon.de\/#organization\"},\"alternateName\":\"OvL\",\"potentialAction\":[{\"@type\":\"SearchAction\",\"target\":{\"@type\":\"EntryPoint\",\"urlTemplate\":\"https:\/\/orcavanloon.de\/?s={search_term_string}\"},\"query-input\":{\"@type\":\"PropertyValueSpecification\",\"valueRequired\":true,\"valueName\":\"search_term_string\"}}],\"inLanguage\":\"en-US\"},{\"@type\":\"Organization\",\"@id\":\"https:\/\/orcavanloon.de\/#organization\",\"name\":\"ORCA van Loon Communications\",\"url\":\"https:\/\/orcavanloon.de\/\",\"logo\":{\"@type\":\"ImageObject\",\"inLanguage\":\"en-US\",\"@id\":\"https:\/\/orcavanloon.de\/#\/schema\/logo\/image\/\",\"url\":\"https:\/\/orcavanloon.de\/wp-content\/uploads\/2025\/01\/OvL_Black_150px.png\",\"contentUrl\":\"https:\/\/orcavanloon.de\/wp-content\/uploads\/2025\/01\/OvL_Black_150px.png\",\"width\":150,\"height\":150,\"caption\":\"ORCA van Loon Communications\"},\"image\":{\"@id\":\"https:\/\/orcavanloon.de\/#\/schema\/logo\/image\/\"}},{\"@type\":\"Person\",\"@id\":\"https:\/\/orcavanloon.de\/#\/schema\/person\/72c9cdd2e103591d342e67b81e1ef1f4\",\"name\":\"ORCA van Loon\",\"image\":{\"@type\":\"ImageObject\",\"inLanguage\":\"en-US\",\"@id\":\"https:\/\/orcavanloon.de\/#\/schema\/person\/image\/\",\"url\":\"https:\/\/secure.gravatar.com\/avatar\/8eb7842d608afc1953c086884470931aa993fcc6d189db48d359fdd7a5630ce2?s=96&d=mm&r=g\",\"contentUrl\":\"https:\/\/secure.gravatar.com\/avatar\/8eb7842d608afc1953c086884470931aa993fcc6d189db48d359fdd7a5630ce2?s=96&d=mm&r=g\",\"caption\":\"ORCA van Loon\"},\"sameAs\":[\"http:\/\/www.orcavanloon.de\"]}]}<\/script>\n<!-- \/ Yoast SEO plugin. -->","yoast_head_json":{"title":"ORCA van Loon unterst\u00fctzt bei Willke-Event: 12-Millionen-Euro-Kompetenz&shy;zentrum feierlich er\u00f6ffnet - ORCA van Loon","robots":{"index":"index","follow":"follow","max-snippet":"max-snippet:-1","max-image-preview":"max-image-preview:large","max-video-preview":"max-video-preview:-1"},"canonical":"https:\/\/orcavanloon.de\/en_en\/orca-van-loon-unterstuetzt-bei-willke-event-12-millionen-euro-kompetenzzentrum-feierlich-eroeffnet\/","og_locale":"en_US","og_type":"article","og_title":"ORCA van Loon unterst\u00fctzt bei Willke-Event: 12-Millionen-Euro-Kompetenz&shy;zentrum feierlich er\u00f6ffnet - ORCA van Loon","og_url":"https:\/\/orcavanloon.de\/en_en\/orca-van-loon-unterstuetzt-bei-willke-event-12-millionen-euro-kompetenzzentrum-feierlich-eroeffnet\/","og_site_name":"ORCA van Loon","article_published_time":"2025-07-30T08:32:24+00:00","article_modified_time":"2025-07-31T09:05:48+00:00","og_image":[{"width":2560,"height":1440,"url":"https:\/\/orcavanloon.de\/wp-content\/uploads\/2025\/07\/Ueber-700-Gaeste-kamen-zur-Eroeffnungsfeier-in-Ludwigslust-\u00a9NewFormat.Media_-scaled.jpg","type":"image\/jpeg"}],"author":"ORCA van Loon","twitter_card":"summary_large_image","twitter_misc":{"Written by":"ORCA van Loon","Est. reading time":"2 minutes"},"schema":{"@context":"https:\/\/schema.org","@graph":[{"@type":"Article","@id":"https:\/\/orcavanloon.de\/orca-van-loon-unterstuetzt-bei-willke-event-12-millionen-euro-kompetenzzentrum-feierlich-eroeffnet\/#article","isPartOf":{"@id":"https:\/\/orcavanloon.de\/orca-van-loon-unterstuetzt-bei-willke-event-12-millionen-euro-kompetenzzentrum-feierlich-eroeffnet\/"},"author":{"name":"ORCA van Loon","@id":"https:\/\/orcavanloon.de\/#\/schema\/person\/72c9cdd2e103591d342e67b81e1ef1f4"},"headline":"ORCA van Loon unterst\u00fctzt bei Willke-Event: 12-Millionen-Euro-Kompetenz&shy;zentrum feierlich er\u00f6ffnet","datePublished":"2025-07-30T08:32:24+00:00","dateModified":"2025-07-31T09:05:48+00:00","mainEntityOfPage":{"@id":"https:\/\/orcavanloon.de\/orca-van-loon-unterstuetzt-bei-willke-event-12-millionen-euro-kompetenzzentrum-feierlich-eroeffnet\/"},"wordCount":759,"publisher":{"@id":"https:\/\/orcavanloon.de\/#organization"},"image":{"@id":"https:\/\/orcavanloon.de\/orca-van-loon-unterstuetzt-bei-willke-event-12-millionen-euro-kompetenzzentrum-feierlich-eroeffnet\/#primaryimage"},"thumbnailUrl":"https:\/\/orcavanloon.de\/wp-content\/uploads\/2025\/07\/Ueber-700-Gaeste-kamen-zur-Eroeffnungsfeier-in-Ludwigslust-\u00a9NewFormat.Media_-scaled.jpg","articleSection":["Allgemein","News","\u00d6ffentlichkeitsarbeit"],"inLanguage":"en-US"},{"@type":"WebPage","@id":"https:\/\/orcavanloon.de\/orca-van-loon-unterstuetzt-bei-willke-event-12-millionen-euro-kompetenzzentrum-feierlich-eroeffnet\/","url":"https:\/\/orcavanloon.de\/orca-van-loon-unterstuetzt-bei-willke-event-12-millionen-euro-kompetenzzentrum-feierlich-eroeffnet\/","name":"ORCA van Loon unterst\u00fctzt bei Willke-Event: 12-Millionen-Euro-Kompetenz&shy;zentrum feierlich er\u00f6ffnet - ORCA van Loon","isPartOf":{"@id":"https:\/\/orcavanloon.de\/#website"},"primaryImageOfPage":{"@id":"https:\/\/orcavanloon.de\/orca-van-loon-unterstuetzt-bei-willke-event-12-millionen-euro-kompetenzzentrum-feierlich-eroeffnet\/#primaryimage"},"image":{"@id":"https:\/\/orcavanloon.de\/orca-van-loon-unterstuetzt-bei-willke-event-12-millionen-euro-kompetenzzentrum-feierlich-eroeffnet\/#primaryimage"},"thumbnailUrl":"https:\/\/orcavanloon.de\/wp-content\/uploads\/2025\/07\/Ueber-700-Gaeste-kamen-zur-Eroeffnungsfeier-in-Ludwigslust-\u00a9NewFormat.Media_-scaled.jpg","datePublished":"2025-07-30T08:32:24+00:00","dateModified":"2025-07-31T09:05:48+00:00","breadcrumb":{"@id":"https:\/\/orcavanloon.de\/orca-van-loon-unterstuetzt-bei-willke-event-12-millionen-euro-kompetenzzentrum-feierlich-eroeffnet\/#breadcrumb"},"inLanguage":"en-US","potentialAction":[{"@type":"ReadAction","target":["https:\/\/orcavanloon.de\/orca-van-loon-unterstuetzt-bei-willke-event-12-millionen-euro-kompetenzzentrum-feierlich-eroeffnet\/"]}]},{"@type":"ImageObject","inLanguage":"en-US","@id":"https:\/\/orcavanloon.de\/orca-van-loon-unterstuetzt-bei-willke-event-12-millionen-euro-kompetenzzentrum-feierlich-eroeffnet\/#primaryimage","url":"https:\/\/orcavanloon.de\/wp-content\/uploads\/2025\/07\/Ueber-700-Gaeste-kamen-zur-Eroeffnungsfeier-in-Ludwigslust-\u00a9NewFormat.Media_-scaled.jpg","contentUrl":"https:\/\/orcavanloon.de\/wp-content\/uploads\/2025\/07\/Ueber-700-Gaeste-kamen-zur-Eroeffnungsfeier-in-Ludwigslust-\u00a9NewFormat.Media_-scaled.jpg","width":2560,"height":1440,"caption":"\u00dcber 700 G\u00e4ste kamen zur Er\u00f6ffnungsfeier in Ludwigslust \u00a9NewFormat.Media"},{"@type":"BreadcrumbList","@id":"https:\/\/orcavanloon.de\/orca-van-loon-unterstuetzt-bei-willke-event-12-millionen-euro-kompetenzzentrum-feierlich-eroeffnet\/#breadcrumb","itemListElement":[{"@type":"ListItem","position":1,"name":"Startseite","item":"https:\/\/orcavanloon.de\/"},{"@type":"ListItem","position":2,"name":"ORCA van Loon unterst\u00fctzt bei Willke-Event: 12-Millionen-Euro-Kompetenz&shy;zentrum feierlich er\u00f6ffnet"}]},{"@type":"WebSite","@id":"https:\/\/orcavanloon.de\/#website","url":"https:\/\/orcavanloon.de\/","name":"ORCA van Loon","description":"Next Generation Corporate","publisher":{"@id":"https:\/\/orcavanloon.de\/#organization"},"alternateName":"OvL","potentialAction":[{"@type":"SearchAction","target":{"@type":"EntryPoint","urlTemplate":"https:\/\/orcavanloon.de\/?s={search_term_string}"},"query-input":{"@type":"PropertyValueSpecification","valueRequired":true,"valueName":"search_term_string"}}],"inLanguage":"en-US"},{"@type":"Organization","@id":"https:\/\/orcavanloon.de\/#organization","name":"ORCA van Loon Communications","url":"https:\/\/orcavanloon.de\/","logo":{"@type":"ImageObject","inLanguage":"en-US","@id":"https:\/\/orcavanloon.de\/#\/schema\/logo\/image\/","url":"https:\/\/orcavanloon.de\/wp-content\/uploads\/2025\/01\/OvL_Black_150px.png","contentUrl":"https:\/\/orcavanloon.de\/wp-content\/uploads\/2025\/01\/OvL_Black_150px.png","width":150,"height":150,"caption":"ORCA van Loon Communications"},"image":{"@id":"https:\/\/orcavanloon.de\/#\/schema\/logo\/image\/"}},{"@type":"Person","@id":"https:\/\/orcavanloon.de\/#\/schema\/person\/72c9cdd2e103591d342e67b81e1ef1f4","name":"ORCA van Loon","image":{"@type":"ImageObject","inLanguage":"en-US","@id":"https:\/\/orcavanloon.de\/#\/schema\/person\/image\/","url":"https:\/\/secure.gravatar.com\/avatar\/8eb7842d608afc1953c086884470931aa993fcc6d189db48d359fdd7a5630ce2?s=96&d=mm&r=g","contentUrl":"https:\/\/secure.gravatar.com\/avatar\/8eb7842d608afc1953c086884470931aa993fcc6d189db48d359fdd7a5630ce2?s=96&d=mm&r=g","caption":"ORCA van Loon"},"sameAs":["http:\/\/www.orcavanloon.de"]}]}},"_links":{"self":[{"href":"http:\/\/orcavanloon.de\/en_en\/wp-json\/wp\/v2\/posts\/3497","targetHints":{"allow":["GET"]}}],"collection":[{"href":"http:\/\/orcavanloon.de\/en_en\/wp-json\/wp\/v2\/posts"}],"about":[{"href":"http:\/\/orcavanloon.de\/en_en\/wp-json\/wp\/v2\/types\/post"}],"author":[{"embeddable":true,"href":"http:\/\/orcavanloon.de\/en_en\/wp-json\/wp\/v2\/users\/6"}],"replies":[{"embeddable":true,"href":"http:\/\/orcavanloon.de\/en_en\/wp-json\/wp\/v2\/comments?post=3497"}],"version-history":[{"count":0,"href":"http:\/\/orcavanloon.de\/en_en\/wp-json\/wp\/v2\/posts\/3497\/revisions"}],"wp:featuredmedia":[{"embeddable":true,"href":"http:\/\/orcavanloon.de\/en_en\/wp-json\/wp\/v2\/media\/3500"}],"wp:attachment":[{"href":"http:\/\/orcavanloon.de\/en_en\/wp-json\/wp\/v2\/media?parent=3497"}],"wp:term":[{"taxonomy":"category","embeddable":true,"href":"http:\/\/orcavanloon.de\/en_en\/wp-json\/wp\/v2\/categories?post=3497"},{"taxonomy":"post_tag","embeddable":true,"href":"http:\/\/orcavanloon.de\/en_en\/wp-json\/wp\/v2\/tags?post=3497"}],"curies":[{"name":"wp","href":"https:\/\/api.w.org\/{rel}","templated":true}]}}